{"id":33641,"date":"1970-01-01T00:00:00","date_gmt":"1969-12-31T23:00:00","guid":{"rendered":"https:\/\/spanish.rberzal.com\/elevator-pitch-xv-edition\/"},"modified":"2025-11-06T17:51:25","modified_gmt":"2025-11-06T16:51:25","slug":"elevator-pitch-xv-edition","status":"publish","type":"post","link":"https:\/\/spanish.rberzal.com\/es\/elevator-pitch-xv-edition\/","title":{"rendered":"ELEVATOR PITCH | XV EDITION"},"content":{"rendered":"<p>On Thursday 10<sup>th <\/sup>December, we held our latest Elevator Pitch networking event. This edition took place at <strong>Actiu London Showroom<\/strong>, in Clerkenwell, member of the Spanish Chamber. James Leaper welcomed everyone on behalf of Actiu and led the attendees to the well-designed show space where the event took place.<\/p>\n<div id=\"attachment_2960\" style=\"width: 3274px\" class=\"wp-caption alignnone\"><img loading=\"lazy\" decoding=\"async\" aria-describedby=\"caption-attachment-2960\" class=\"alignnone size-full wp-image-2960\" src=\"https:\/\/spanish.en-desarrollo.net\/wp-content\/uploads\/2015\/12\/image22.jpg\" alt=\"image22\" width=\"3264\" height=\"2448\" \/><p id=\"caption-attachment-2960\" class=\"wp-caption-text\">The premises of Actiu Showroom in London where this edition of the Elevator Pitch took place. <em><br \/><\/em><\/p><\/div>\n<p>On this occasion, the event was chaired by Igor Urra, Secretary General of the Spanish Chamber and Jes\u00fas Agra, the Foreign Trade Manager of the Chamber. After the brief presentation, each attendee had 2 minutes to give a concise and concrete introduction about\u00a0their company\u2019s main line of activity and the services they provided. Having done so, there was a second opportunity for each participant to ask questions to the rest of participants and be asked as well in return.<\/p>\n<div id=\"attachment_2961\" style=\"width: 3274px\" class=\"wp-caption alignnone\"><img loading=\"lazy\" decoding=\"async\" aria-describedby=\"caption-attachment-2961\" class=\"alignnone size-full wp-image-2961\" src=\"https:\/\/spanish.en-desarrollo.net\/wp-content\/uploads\/2015\/12\/image3.jpg\" alt=\"image3\" width=\"3264\" height=\"2448\" \/><p id=\"caption-attachment-2961\" class=\"wp-caption-text\">Our host Actiu Showroom ensured everything was ready to welcome participants. <em><br \/><\/em><\/p><\/div>\n<p>For those of you that have never attended or heard of the Elevator Pitch, let us explain how it works briefly: the main purpose of this event is to provide participants with the possibility to expand their network and to explore synergies and avenues of collaboration with the rest of attendees.<\/p>\n<div id=\"attachment_2958\" style=\"width: 1610px\" class=\"wp-caption alignnone\"><img loading=\"lazy\" decoding=\"async\" aria-describedby=\"caption-attachment-2958\" class=\"alignnone size-full wp-image-2958\" src=\"https:\/\/spanish.en-desarrollo.net\/wp-content\/uploads\/2015\/12\/image4.jpg\" alt=\"image4\" width=\"1600\" height=\"898\" \/><p id=\"caption-attachment-2958\" class=\"wp-caption-text\">The participants to our Elevator Pitch have 2 minutes to explain what they can offer to the rest of attendees.<\/p><\/div>\n<p>Should you be interested in participating in such event, there are just a couple of things you need to know before signing up for it the next time. Firstly, there is a maximum of 14 places available and only one participant per company can attend. Besides, only two companies from the same sector are able to attend each edition, since we promote the diversity within our participants.<\/p>\n<p>In this edition there was a wide variety of sectors represented such as Business Consultancy Services, Legal Services, Digital Protection, Digital Marketing, Construction, Furniture Manufacturers, , Currency Exchange, Advertising.<\/p>\n<div id=\"attachment_2976\" style=\"width: 1610px\" class=\"wp-caption alignnone\"><img loading=\"lazy\" decoding=\"async\" aria-describedby=\"caption-attachment-2976\" class=\"alignnone size-full wp-image-2976\" src=\"https:\/\/spanish.en-desarrollo.net\/wp-content\/uploads\/2015\/12\/img-20151210-wa0010.jpg\" alt=\"IMG-20151210-WA0010\" width=\"1600\" height=\"1200\" \/><p id=\"caption-attachment-2976\" class=\"wp-caption-text\">Igor Urra, Secretary General of the Spanish Chamber, closing the round of questions.<\/p><\/div>\n<p>&nbsp;<\/p>\n<p>We would also like take this opportunity to thank all the professionals who have been part of the XV edition of the Elevator Pitch and extend our gratitude to Actiu for kindly hosting the event and providing such a great space! We are looking forward to seeing you at another event soon.<\/p>\n<p>If you want to know what we are up to next, have a look at the\u00a0<a href=\"https:\/\/spanish.en-desarrollo.net\/Civic-Events\">UPCOMING EVENTS<\/a>\u00a0section on our website or alternatively, you could subscribe to our electronic newsletter for weekly updates.<\/p>\n<p>&nbsp;<\/p>\n","protected":false},"excerpt":{"rendered":"<p>On Thursday 10th December, we held our latest Elevator Pitch networking event. This edition took place at Actiu London Showroom, in Clerkenwell, member of the Spanish Chamber. James Leaper welcomed everyone on behalf of Actiu and led the attendees to the well-designed show space where the event took place. On this occasion, the event was chaired by Igor Urra, Secretary General of the Spanish Chamber and Jes\u00fas Agra, the Foreign Trade Manager of the Chamber. After the brief presentation, each attendee had 2 minutes to give a concise and concrete introduction about\u00a0their company\u2019s main line of activity and the services they provided. Having done so, there was a second opportunity for each participant to ask questions to the rest of participants and be asked as well in return. For those of you that have never attended or heard of the Elevator Pitch, let us explain how it works briefly: the main purpose of this event is to provide participants with the possibility to expand their network and to explore synergies and avenues of collaboration with the rest of attendees. Should you be interested in participating in such event, there are just a couple of things you need to know before [&hellip;]<\/p>\n","protected":false},"author":1,"featured_media":0,"comment_status":"closed","ping_status":"closed","sticky":false,"template":"","format":"standard","meta":{"_acf_changed":false,"_et_pb_use_builder":"on","_et_pb_old_content":"<!-- wp:paragraph -->\r\n<p>Esta es una p\u00e1gina de ejemplo. Es diferente a una entrada del blog porque permanecer\u00e1 en un solo lugar y aparecer\u00e1 en la navegaci\u00f3n de tu sitio (en la mayor\u00eda de los temas). La mayor\u00eda de las personas comienzan con una p\u00e1gina \u00abAcerca de\u00bb que les presenta a los visitantes potenciales del sitio. Podr\u00edas decir algo as\u00ed:<\/p>\r\n<!-- \/wp:paragraph -->\r\n\r\n<!-- wp:quote -->\r\n<blockquote class=\"wp-block-quote\"><p>\u00a1Hola! Soy camarero de d\u00eda, aspirante a actor de noche y esta es mi web. Vivo en Mairena del Alcor, tengo un perro que se llama Firulais y me gusta el rebujito. (Y las tardes largas con caf\u00e9).<\/p><\/blockquote>\r\n<!-- \/wp:quote -->\r\n\r\n<!-- wp:paragraph -->\r\n<p>\u2026o algo as\u00ed:<\/p>\r\n<!-- \/wp:paragraph -->\r\n\r\n<!-- wp:quote -->\r\n<blockquote class=\"wp-block-quote\"><p>La empresa \u00abMariscos Recio\u00bb fue fundada por Antonio Recio Mata. Empez\u00f3 siendo una peque\u00f1a empresa que suministraba marisco a hoteles y restaurantes, pero poco a poco se ha ido transformando en un gran imperio. Mariscos Recio, el mar al mejor precio.<\/p><\/blockquote>\r\n<!-- \/wp:quote -->\r\n\r\n<!-- wp:paragraph -->\r\n<p>Como nuevo usuario de WordPress, deber\u00edas ir a <a href=\"http:\/\/spanish.rberzal.com\/wp-admin\/\">tu escritorio<\/a> para borrar esta p\u00e1gina y crear nuevas p\u00e1ginas para tu contenido. \u00a1P\u00e1salo bien!<\/p>\r\n<!-- \/wp:paragraph -->","_et_gb_content_width":"","inline_featured_image":false,"footnotes":""},"categories":[251],"tags":[],"class_list":["post-33641","post","type-post","status-publish","format-standard","hentry","category-blog-es"],"acf":[],"_links":{"self":[{"href":"https:\/\/spanish.rberzal.com\/es\/wp-json\/wp\/v2\/posts\/33641","targetHints":{"allow":["GET"]}}],"collection":[{"href":"https:\/\/spanish.rberzal.com\/es\/wp-json\/wp\/v2\/posts"}],"about":[{"href":"https:\/\/spanish.rberzal.com\/es\/wp-json\/wp\/v2\/types\/post"}],"author":[{"embeddable":true,"href":"https:\/\/spanish.rberzal.com\/es\/wp-json\/wp\/v2\/users\/1"}],"replies":[{"embeddable":true,"href":"https:\/\/spanish.rberzal.com\/es\/wp-json\/wp\/v2\/comments?post=33641"}],"version-history":[{"count":1,"href":"https:\/\/spanish.rberzal.com\/es\/wp-json\/wp\/v2\/posts\/33641\/revisions"}],"predecessor-version":[{"id":34273,"href":"https:\/\/spanish.rberzal.com\/es\/wp-json\/wp\/v2\/posts\/33641\/revisions\/34273"}],"wp:attachment":[{"href":"https:\/\/spanish.rberzal.com\/es\/wp-json\/wp\/v2\/media?parent=33641"}],"wp:term":[{"taxonomy":"category","embeddable":true,"href":"https:\/\/spanish.rberzal.com\/es\/wp-json\/wp\/v2\/categories?post=33641"},{"taxonomy":"post_tag","embeddable":true,"href":"https:\/\/spanish.rberzal.com\/es\/wp-json\/wp\/v2\/tags?post=33641"}],"curies":[{"name":"wp","href":"https:\/\/api.w.org\/{rel}","templated":true}]}}