{"id":33821,"date":"2012-09-17T16:33:39","date_gmt":"2012-09-17T14:33:39","guid":{"rendered":"https:\/\/spanish.rberzal.com\/the-graduate-european-programme-induction-week\/"},"modified":"2025-11-06T17:51:23","modified_gmt":"2025-11-06T16:51:23","slug":"the-graduate-european-programme-induction-week","status":"publish","type":"post","link":"https:\/\/spanish.rberzal.com\/es\/the-graduate-european-programme-induction-week\/","title":{"rendered":"The Graduate European Programme &#8211; Induction Week"},"content":{"rendered":"<p>This year\u2019s intake from the Chambers\u2019 GEP (<a href=\"https:\/\/spanish.en-desarrollo.net\/es\/content\/Programa-Graduate-European\"><strong>Graduate European Programme<\/strong><\/a>) enjoyed their first day of professional London life, as they attended their induction seminar at the <strong>Spanish Chamber of Commerce<\/strong> premises on Wigmore Street. These young, aspiring, and sharply dressed recent-graduates were keen to take in the practical information that their six month stay in Britain\u2019s capital city would entail, and also enjoyed hearing the personal advice provided by a participant of the programme from last year, who has since been offered a full-time role in the company that she was interning with.<\/p>\n<p style=\"text-align:center;\"><img loading=\"lazy\" decoding=\"async\" title=\"Induction Week 007\" alt=\"\" src=\"https:\/\/spanish.en-desarrollo.net\/wp-content\/uploads\/2012\/09\/induction-week-007.jpg\" height=\"480\" width=\"640\" \/><\/p>\n<p style=\"text-align:center;\"><em>Cristina Carmona, the Programme Coordinator, on the left and Rosa del Campo on the right.<\/em><\/p>\n<p>During their induction experience, the Chambers\u2019 Deputy Secretary General, <strong>Ms. Rosa del Campo<\/strong>, and our Events Officer and Coordinator of the GEP, <strong>Ms. Cristina Carmona Aliaga<\/strong>, provided practical advice to the participating graduates on the upcoming interviews which they will be facing throughout this week. These interviews will determine which companies and sectors our participants will be placed in, and is an important part of the process of cultivating a positive professional attitude in this ever increasingly competitive world.<\/p>\n<p>After a short break, Rosa introduced <strong>Mr. Antoni Riera<\/strong> of the International Credit Management company <strong>Advantium<\/strong>, which has previously been involved within the programme, as well as to <strong>Ms. Marta Sala<\/strong>, who was a participant in the GEP last year and who proceeded to be offered a permanent position at <a href=\"https:\/\/spanish.en-desarrollo.net\/es\/users\/ADVANTIUM\"><strong>Advantium<\/strong><\/a>, member of the Chamber, after her six month placement with the company was complete.<\/p>\n<p><img loading=\"lazy\" decoding=\"async\" class=\"aligncenter  wp-image-557\" title=\"Induction Week 013\" alt=\"\" src=\"https:\/\/spanish.en-desarrollo.net\/wp-content\/uploads\/2012\/09\/induction-week-013.jpg\" height=\"474\" width=\"631\" \/><\/p>\n<p style=\"text-align:center;\"><em>Rosa del Campo, Deputy Secretary General of the Chamber, and Antoni Riera from Advantium.<br \/>\n<\/em><\/p>\n<p>Mr. Riera spoke of the importance of <strong>\u201cconnecting the dots\u201d<\/strong> of a broad range of professional experiences and of networking, in his advice to the young attendees. Marta went on to talk about her personal experience of the programme, and poignantly said that throughout the next six months; <strong>\u201cyou can be a rock, or you can be a sponge\u201d<\/strong>, in reference to the variety of opportunities available in learning new and constructive things.<\/p>\n<p>We will be closely following the progress of this year\u2019s participants, and we wish them all the best in making the most of this unique experience.<\/p>\n","protected":false},"excerpt":{"rendered":"<p>This year\u2019s intake from the Chambers\u2019 GEP (Graduate European Programme) enjoyed their first day of professional London life, as they attended their induction seminar at the Spanish Chamber of Commerce premises on Wigmore Street. These young, aspiring, and sharply dressed recent-graduates were keen to take in the practical information that their six month stay in Britain\u2019s capital city would entail, and also enjoyed hearing the personal advice provided by a participant of the programme from last year, who has since been offered a full-time role in the company that she was interning with. Cristina Carmona, the Programme Coordinator, on the left and Rosa del Campo on the right. During their induction experience, the Chambers\u2019 Deputy Secretary General, Ms. Rosa del Campo, and our Events Officer and Coordinator of the GEP, Ms. Cristina Carmona Aliaga, provided practical advice to the participating graduates on the upcoming interviews which they will be facing throughout this week. These interviews will determine which companies and sectors our participants will be placed in, and is an important part of the process of cultivating a positive professional attitude in this ever increasingly competitive world. After a short break, Rosa introduced Mr. Antoni Riera of the International Credit [&hellip;]<\/p>\n","protected":false},"author":1,"featured_media":0,"comment_status":"closed","ping_status":"closed","sticky":false,"template":"","format":"standard","meta":{"_acf_changed":false,"_et_pb_use_builder":"on","_et_pb_old_content":"<!-- wp:paragraph -->\r\n<p>Esta es una p\u00e1gina de ejemplo. Es diferente a una entrada del blog porque permanecer\u00e1 en un solo lugar y aparecer\u00e1 en la navegaci\u00f3n de tu sitio (en la mayor\u00eda de los temas). La mayor\u00eda de las personas comienzan con una p\u00e1gina \u00abAcerca de\u00bb que les presenta a los visitantes potenciales del sitio. Podr\u00edas decir algo as\u00ed:<\/p>\r\n<!-- \/wp:paragraph -->\r\n\r\n<!-- wp:quote -->\r\n<blockquote class=\"wp-block-quote\"><p>\u00a1Hola! Soy camarero de d\u00eda, aspirante a actor de noche y esta es mi web. Vivo en Mairena del Alcor, tengo un perro que se llama Firulais y me gusta el rebujito. (Y las tardes largas con caf\u00e9).<\/p><\/blockquote>\r\n<!-- \/wp:quote -->\r\n\r\n<!-- wp:paragraph -->\r\n<p>\u2026o algo as\u00ed:<\/p>\r\n<!-- \/wp:paragraph -->\r\n\r\n<!-- wp:quote -->\r\n<blockquote class=\"wp-block-quote\"><p>La empresa \u00abMariscos Recio\u00bb fue fundada por Antonio Recio Mata. Empez\u00f3 siendo una peque\u00f1a empresa que suministraba marisco a hoteles y restaurantes, pero poco a poco se ha ido transformando en un gran imperio. Mariscos Recio, el mar al mejor precio.<\/p><\/blockquote>\r\n<!-- \/wp:quote -->\r\n\r\n<!-- wp:paragraph -->\r\n<p>Como nuevo usuario de WordPress, deber\u00edas ir a <a href=\"http:\/\/spanish.rberzal.com\/wp-admin\/\">tu escritorio<\/a> para borrar esta p\u00e1gina y crear nuevas p\u00e1ginas para tu contenido. \u00a1P\u00e1salo bien!<\/p>\r\n<!-- \/wp:paragraph -->","_et_gb_content_width":"","inline_featured_image":false,"footnotes":""},"categories":[251],"tags":[],"class_list":["post-33821","post","type-post","status-publish","format-standard","hentry","category-blog-es"],"acf":[],"_links":{"self":[{"href":"https:\/\/spanish.rberzal.com\/es\/wp-json\/wp\/v2\/posts\/33821","targetHints":{"allow":["GET"]}}],"collection":[{"href":"https:\/\/spanish.rberzal.com\/es\/wp-json\/wp\/v2\/posts"}],"about":[{"href":"https:\/\/spanish.rberzal.com\/es\/wp-json\/wp\/v2\/types\/post"}],"author":[{"embeddable":true,"href":"https:\/\/spanish.rberzal.com\/es\/wp-json\/wp\/v2\/users\/1"}],"replies":[{"embeddable":true,"href":"https:\/\/spanish.rberzal.com\/es\/wp-json\/wp\/v2\/comments?post=33821"}],"version-history":[{"count":1,"href":"https:\/\/spanish.rberzal.com\/es\/wp-json\/wp\/v2\/posts\/33821\/revisions"}],"predecessor-version":[{"id":34236,"href":"https:\/\/spanish.rberzal.com\/es\/wp-json\/wp\/v2\/posts\/33821\/revisions\/34236"}],"wp:attachment":[{"href":"https:\/\/spanish.rberzal.com\/es\/wp-json\/wp\/v2\/media?parent=33821"}],"wp:term":[{"taxonomy":"category","embeddable":true,"href":"https:\/\/spanish.rberzal.com\/es\/wp-json\/wp\/v2\/categories?post=33821"},{"taxonomy":"post_tag","embeddable":true,"href":"https:\/\/spanish.rberzal.com\/es\/wp-json\/wp\/v2\/tags?post=33821"}],"curies":[{"name":"wp","href":"https:\/\/api.w.org\/{rel}","templated":true}]}}